{"id":1129,"date":"2023-10-08T14:14:22","date_gmt":"2023-10-08T14:14:22","guid":{"rendered":"https:\/\/bonjouramsterdam.fr\/?p=1129"},"modified":"2023-10-13T08:39:46","modified_gmt":"2023-10-13T08:39:46","slug":"idfa","status":"publish","type":"post","link":"https:\/\/bonjouramsterdam.fr\/es\/idfa\/","title":{"rendered":"IDFA: el festival de cine documental de \u00c1msterdam"},"content":{"rendered":"<p>Si te apasiona el cine documental, te recomiendo que visites el<strong>IDFA<\/strong>.<\/p>\n<p>Este festival internacional re\u00fane cada a\u00f1o a algunos de los grandes nombres del g\u00e9nero.<\/p>\n<p>De Micka\u00ebl Moore a Alyx Ayn Arumpac, \u00a1venga a descubrir los documentales del a\u00f1o en \u00c1msterdam!<\/p>\n<h2 class=\"summary-title\">IDFA: resumen del art\u00edculo<\/h2>\n<div class=\"summary-box\">\n<ul class=\"summary-list\">\n<li><a href=\"#_Toc147629373\">IDFA: un acontecimiento importante para este tipo de cine<\/a><\/li>\n<li><a href=\"#_Toc147629374\">Veladas en De Balie: un ambiente excepcional<\/a><\/li>\n<li><a href=\"#_Toc147629375\">IDFA: proyecciones matinales<\/a><\/li>\n<li><a href=\"#_Toc147629376\">\u00bfCu\u00e1ndo se celebra el festival?<\/a><\/li>\n<li><a href=\"#_Toc147629377\">\u00bfQu\u00e9 premios se conceden en el IDFA?<\/a><\/li>\n<li><a href=\"#_Toc147629378\">\u00bfD\u00f3nde se celebra el IDFA?<\/a><\/li>\n<\/ul>\n<\/div>\n<h2><a name=\"_Toc147629373\"><\/a><strong>IDFA: un acontecimiento importante para este tipo de cine<\/strong><\/h2>\n<p>El Festival Internacional de Cine Documental de \u00c1msterdam (IDFA) es uno de los mayores y m\u00e1s importantes del mundo en su g\u00e9nero.<\/p>\n<p>Una oportunidad \u00fanica para que todos descubran <strong>algo nuevo sobre el mundo en que vivimos.<\/strong><\/p>\n<p>Como muchos otros festivales, \u00e9ste tambi\u00e9n es un gran mercado para guionistas y cadenas de televisi\u00f3n. Muchas celebridades del g\u00e9nero visitan el evento.<\/p>\n<p>All\u00ed podr\u00e1 descubrir pel\u00edculas premiadas como :<\/p>\n<ul>\n<li>Apolonia de L\u00e9a Glob<\/li>\n<li>Mucho ruido y pocas nueces por Simon Chambers<\/li>\n<li>Viaje por nuestro mundo de Mario Steenbergen<\/li>\n<li>Para\u00edso de Paul Guilhaume<\/li>\n<li>Manifiesto de Angie Vinchito<\/li>\n<\/ul>\n<p>Durante su estancia en \u00c1msterdam podr\u00e1 disfrutar de fascinantes documentales.<\/p>\n<p><img decoding=\"async\" class=\"alignnone size-large wp-image-1130\" src=\"https:\/\/bonjouramsterdam.fr\/wp-content\/uploads\/2023\/10\/IDFA-1024x511.png\" alt=\"IDFA\" width=\"1024\" height=\"511\" srcset=\"https:\/\/bonjouramsterdam.fr\/wp-content\/uploads\/2023\/10\/IDFA-1024x511.png 1024w, https:\/\/bonjouramsterdam.fr\/wp-content\/uploads\/2023\/10\/IDFA-300x150.png 300w, https:\/\/bonjouramsterdam.fr\/wp-content\/uploads\/2023\/10\/IDFA-768x383.png 768w, https:\/\/bonjouramsterdam.fr\/wp-content\/uploads\/2023\/10\/IDFA-1536x766.png 1536w, https:\/\/bonjouramsterdam.fr\/wp-content\/uploads\/2023\/10\/IDFA.png 1754w\" sizes=\"(max-width: 1024px) 100vw, 1024px\" \/><\/p>\n<h2><a name=\"_Toc147629374\"><\/a><strong>Veladas en De Balie: un ambiente excepcional<\/strong><\/h2>\n<p>Probablemente la tarea m\u00e1s dif\u00edcil sea mantenerse motivado y despierto despu\u00e9s de diez noches de fiesta. La fiesta tiene lugar todas las noches en De Balie.<\/p>\n<p>Aqu\u00ed conocer\u00e1s a gente inteligente y divertida de todo el mundo. Aqu\u00ed tendr\u00e1 <strong>conversaciones sobre cualquier tema.<\/strong><\/p>\n<p>El IDFA y su fiesta posterior en De Balie son un aut\u00e9ntico ba\u00f1o cultural que no puedes dejar de disfrutar.<\/p>\n<h2><a name=\"_Toc147629375\"><\/a><strong>IDFA: proyecciones matinales<\/strong><\/h2>\n<p>Las proyecciones de documentales comienzan a primera hora de la ma\u00f1ana y duran hasta media noche. Con m\u00e1s de 200 pel\u00edculas para elegir, seguro que encuentra lo que busca.<\/p>\n<p>Para escapar de la multitud de casi 100.000 personas, mi consejo es<strong> aseg\u00farese de reservar sus billetes con tiempo.<\/strong><\/p>\n<p>Le recomiendo encarecidamente que no compre las entradas in situ. Pueden estar agotadas.<\/p>\n<p>Adem\u00e1s, si a\u00fan quedan entradas por comprar en las taquillas de los cines que albergan el evento, las largas colas ser\u00e1n desalentadoras, y tendr\u00e1 que estar dispuesto a pagar por ellas. <strong>perder\u00e1 un tiempo precioso.<\/strong><\/p>\n<h2><a name=\"_Toc147629376\"><\/a><strong>\u00bfCu\u00e1ndo se celebra el festival?<\/strong><\/h2>\n<p>El festival de cine documental IDFA de \u00c1msterdam se celebra entre noviembre y diciembre. En 2023 se celebrar\u00e1 :<\/p>\n<ul>\n<li>Del 8 al 19 de noviembre<\/li>\n<\/ul>\n<h2><a name=\"_Toc147629377\"><\/a><strong>\u00bfQu\u00e9 premios se conceden en el IDFA?<\/strong><\/h2>\n<p>Los jurados conceden varios premios. Aqu\u00ed encontrar\u00e1 premios como :<\/p>\n<ul>\n<li>El Joris Ivens<\/li>\n<li>El lobo plateado<\/li>\n<li>Premio Fipresci<\/li>\n<li>Premio DOEN<\/li>\n<\/ul>\n<p>Para tener una clara interacci\u00f3n con el p\u00fablico, el IDFA ha creado un Premio Especial del P\u00fablico. Para garantizar que cada visitante tenga <strong>la posibilidad de opinar sobre las pel\u00edculas que ve.<\/strong><\/p>\n<p>Este premio es tambi\u00e9n una excelente recomendaci\u00f3n para el resto del mundo, donde es m\u00e1s probable que las pel\u00edculas adquieran importancia y popularidad a escala mundial.<\/p>\n<h2><a name=\"_Toc147629378\"><\/a><strong>\u00bfD\u00f3nde se celebra el IDFA?<\/strong><\/h2>\n<p>El acto tiene lugar en los principales cines de la ciudad. \u00c9stos se encuentran principalmente alrededor de la <a href=\"https:\/\/bonjouramsterdam.fr\/es\/leidseplein-amsterdam\/\">Leidseplein<\/a>. A continuaci\u00f3n, podr\u00e1 ver documentales en establecimientos como :<\/p>\n<ul>\n<li>Le Balie<\/li>\n<li>Teatro Path\u00e9 City<\/li>\n<li>Museo del Cine Cinerama<\/li>\n<li>Stadsschouwburg \u00c1msterdam<\/li>\n<li>Le <a href=\"https:\/\/bonjouramsterdam.fr\/es\/paradiso-amsterdam\/\">Paradiso<\/a><\/li>\n<li>Het Ketelhuis<\/li>\n<li>SMCS<\/li>\n<\/ul>\n<p>El IDFA es un acontecimiento que no debe perderse si le apasionan los documentales. Aqu\u00ed podr\u00e1 descubrir las novedades del g\u00e9nero y <strong>disfrute de una serie de pel\u00edculas dedicadas al descubrimiento.<\/strong><\/p>","protected":false},"excerpt":{"rendered":"<p>Si le apasiona el cine documental, le recomiendo que acuda al IDFA. Este festival internacional re\u00fane cada a\u00f1o a algunos de los grandes nombres del g\u00e9nero. De Micka\u00ebl Moore a Alyx Ayn Arumpac, \u00a1venga a descubrir los documentales del a\u00f1o en \u00c1msterdam! IDFA: resumen del art\u00edculo IDFA: un acontecimiento importante para este tipo de cine El [...].<\/p>","protected":false},"author":1,"featured_media":1130,"comment_status":"open","ping_status":"open","sticky":false,"template":"","format":"standard","meta":{"om_disable_all_campaigns":false,"_genesis_hide_title":false,"_genesis_hide_breadcrumbs":false,"_genesis_hide_singular_image":false,"_genesis_hide_footer_widgets":false,"_genesis_custom_body_class":"","_genesis_custom_post_class":"","_genesis_layout":"","footnotes":""},"categories":[4],"tags":[],"class_list":{"0":"post-1129","1":"post","2":"type-post","3":"status-publish","4":"format-standard","5":"has-post-thumbnail","7":"category-amsterdam","8":"entry"},"yoast_head":"<!-- This site is optimized with the Yoast SEO plugin v26.6 - https:\/\/yoast.com\/wordpress\/plugins\/seo\/ -->\n<title>IDFA : le festival du film documentaire \u00e0 Amsterdam<\/title>\n<meta name=\"description\" content=\"Le film documentaire a aussi son festival : l\u2019IDFA. Je vous propose de vous faire d\u00e9couvrir cet \u00e9v\u00e9nement unique dans cet article.\" \/>\n<meta name=\"robots\" content=\"index, follow, max-snippet:-1, max-image-preview:large, max-video-preview:-1\" \/>\n<link rel=\"canonical\" href=\"https:\/\/bonjouramsterdam.fr\/es\/idfa\/\" \/>\n<meta property=\"og:locale\" content=\"es_ES\" \/>\n<meta property=\"og:type\" content=\"article\" \/>\n<meta property=\"og:title\" content=\"IDFA : le festival du film documentaire \u00e0 Amsterdam\" \/>\n<meta property=\"og:description\" content=\"Le film documentaire a aussi son festival : l\u2019IDFA. Je vous propose de vous faire d\u00e9couvrir cet \u00e9v\u00e9nement unique dans cet article.\" \/>\n<meta property=\"og:url\" content=\"https:\/\/bonjouramsterdam.fr\/es\/idfa\/\" \/>\n<meta property=\"og:site_name\" content=\"Bonjour Amsterdam\" \/>\n<meta property=\"article:published_time\" content=\"2023-10-08T14:14:22+00:00\" \/>\n<meta property=\"article:modified_time\" content=\"2023-10-13T08:39:46+00:00\" \/>\n<meta property=\"og:image\" content=\"https:\/\/bonjouramsterdam.fr\/wp-content\/uploads\/2023\/10\/IDFA.png\" \/>\n\t<meta property=\"og:image:width\" content=\"1754\" \/>\n\t<meta property=\"og:image:height\" content=\"875\" \/>\n\t<meta property=\"og:image:type\" content=\"image\/png\" \/>\n<meta name=\"author\" content=\"Thibaut\" \/>\n<meta name=\"twitter:card\" content=\"summary_large_image\" \/>\n<meta name=\"twitter:label1\" content=\"Written by\" \/>\n\t<meta name=\"twitter:data1\" content=\"Thibaut\" \/>\n\t<meta name=\"twitter:label2\" content=\"Est. reading time\" \/>\n\t<meta name=\"twitter:data2\" content=\"4 minutos\" \/>\n<script type=\"application\/ld+json\" class=\"yoast-schema-graph\">{\"@context\":\"https:\/\/schema.org\",\"@graph\":[{\"@type\":\"WebPage\",\"@id\":\"https:\/\/bonjouramsterdam.fr\/idfa\/\",\"url\":\"https:\/\/bonjouramsterdam.fr\/idfa\/\",\"name\":\"IDFA : le festival du film documentaire \u00e0 Amsterdam\",\"isPartOf\":{\"@id\":\"https:\/\/bonjouramsterdam.fr\/#website\"},\"primaryImageOfPage\":{\"@id\":\"https:\/\/bonjouramsterdam.fr\/idfa\/#primaryimage\"},\"image\":{\"@id\":\"https:\/\/bonjouramsterdam.fr\/idfa\/#primaryimage\"},\"thumbnailUrl\":\"https:\/\/bonjouramsterdam.fr\/wp-content\/uploads\/2023\/10\/IDFA.png\",\"datePublished\":\"2023-10-08T14:14:22+00:00\",\"dateModified\":\"2023-10-13T08:39:46+00:00\",\"author\":{\"@id\":\"https:\/\/bonjouramsterdam.fr\/#\/schema\/person\/e1c4c6712107fb12fd993a4d5ec39a0b\"},\"description\":\"Le film documentaire a aussi son festival : l\u2019IDFA. Je vous propose de vous faire d\u00e9couvrir cet \u00e9v\u00e9nement unique dans cet article.\",\"breadcrumb\":{\"@id\":\"https:\/\/bonjouramsterdam.fr\/idfa\/#breadcrumb\"},\"inLanguage\":\"es\",\"potentialAction\":[{\"@type\":\"ReadAction\",\"target\":[\"https:\/\/bonjouramsterdam.fr\/idfa\/\"]}]},{\"@type\":\"ImageObject\",\"inLanguage\":\"es\",\"@id\":\"https:\/\/bonjouramsterdam.fr\/idfa\/#primaryimage\",\"url\":\"https:\/\/bonjouramsterdam.fr\/wp-content\/uploads\/2023\/10\/IDFA.png\",\"contentUrl\":\"https:\/\/bonjouramsterdam.fr\/wp-content\/uploads\/2023\/10\/IDFA.png\",\"width\":1754,\"height\":875,\"caption\":\"IDFA\"},{\"@type\":\"BreadcrumbList\",\"@id\":\"https:\/\/bonjouramsterdam.fr\/idfa\/#breadcrumb\",\"itemListElement\":[{\"@type\":\"ListItem\",\"position\":1,\"name\":\"Accueil\",\"item\":\"https:\/\/bonjouramsterdam.fr\/\"},{\"@type\":\"ListItem\",\"position\":2,\"name\":\"IDFA : le festival du film documentaire \u00e0 Amsterdam\"}]},{\"@type\":\"WebSite\",\"@id\":\"https:\/\/bonjouramsterdam.fr\/#website\",\"url\":\"https:\/\/bonjouramsterdam.fr\/\",\"name\":\"Bonjour Amsterdam\",\"description\":\"Tout pour passer un s\u00e9jour inoubliable en 2026 !\",\"potentialAction\":[{\"@type\":\"SearchAction\",\"target\":{\"@type\":\"EntryPoint\",\"urlTemplate\":\"https:\/\/bonjouramsterdam.fr\/?s={search_term_string}\"},\"query-input\":{\"@type\":\"PropertyValueSpecification\",\"valueRequired\":true,\"valueName\":\"search_term_string\"}}],\"inLanguage\":\"es\"},{\"@type\":\"Person\",\"@id\":\"https:\/\/bonjouramsterdam.fr\/#\/schema\/person\/e1c4c6712107fb12fd993a4d5ec39a0b\",\"name\":\"Thibaut\",\"image\":{\"@type\":\"ImageObject\",\"inLanguage\":\"es\",\"@id\":\"https:\/\/bonjouramsterdam.fr\/#\/schema\/person\/image\/\",\"url\":\"https:\/\/secure.gravatar.com\/avatar\/436636a11d7c80b948817b5a66d82f9305017ea4c84ab9a676db1d62ccc2c25d?s=96&d=mm&r=g\",\"contentUrl\":\"https:\/\/secure.gravatar.com\/avatar\/436636a11d7c80b948817b5a66d82f9305017ea4c84ab9a676db1d62ccc2c25d?s=96&d=mm&r=g\",\"caption\":\"Thibaut\"},\"description\":\"J'aide les voyageurs \u00e0 mieux visiter la ville d'Amsterdam avec un contenu \u00e9crit et actualis\u00e9 par des experts locaux pour vivre la meilleure exp\u00e9rience possible ! Notre agence de voyage propose \u00e9galement des visites guid\u00e9es en fran\u00e7ais.\",\"sameAs\":[\"https:\/\/bonjouramsterdam.fr\"]}]}<\/script>\n<!-- \/ Yoast SEO plugin. -->","yoast_head_json":{"title":"IDFA: el festival de cine documental de \u00c1msterdam","description":"El cine documental tambi\u00e9n tiene su propio festival: el IDFA. Le invito a descubrir este acontecimiento \u00fanico en este art\u00edculo.","robots":{"index":"index","follow":"follow","max-snippet":"max-snippet:-1","max-image-preview":"max-image-preview:large","max-video-preview":"max-video-preview:-1"},"canonical":"https:\/\/bonjouramsterdam.fr\/es\/idfa\/","og_locale":"es_ES","og_type":"article","og_title":"IDFA : le festival du film documentaire \u00e0 Amsterdam","og_description":"Le film documentaire a aussi son festival : l\u2019IDFA. Je vous propose de vous faire d\u00e9couvrir cet \u00e9v\u00e9nement unique dans cet article.","og_url":"https:\/\/bonjouramsterdam.fr\/es\/idfa\/","og_site_name":"Bonjour Amsterdam","article_published_time":"2023-10-08T14:14:22+00:00","article_modified_time":"2023-10-13T08:39:46+00:00","og_image":[{"width":1754,"height":875,"url":"https:\/\/bonjouramsterdam.fr\/wp-content\/uploads\/2023\/10\/IDFA.png","type":"image\/png"}],"author":"Thibaut","twitter_card":"summary_large_image","twitter_misc":{"Written by":"Thibaut","Est. reading time":"4 minutos"},"schema":{"@context":"https:\/\/schema.org","@graph":[{"@type":"WebPage","@id":"https:\/\/bonjouramsterdam.fr\/idfa\/","url":"https:\/\/bonjouramsterdam.fr\/idfa\/","name":"IDFA: el festival de cine documental de \u00c1msterdam","isPartOf":{"@id":"https:\/\/bonjouramsterdam.fr\/#website"},"primaryImageOfPage":{"@id":"https:\/\/bonjouramsterdam.fr\/idfa\/#primaryimage"},"image":{"@id":"https:\/\/bonjouramsterdam.fr\/idfa\/#primaryimage"},"thumbnailUrl":"https:\/\/bonjouramsterdam.fr\/wp-content\/uploads\/2023\/10\/IDFA.png","datePublished":"2023-10-08T14:14:22+00:00","dateModified":"2023-10-13T08:39:46+00:00","author":{"@id":"https:\/\/bonjouramsterdam.fr\/#\/schema\/person\/e1c4c6712107fb12fd993a4d5ec39a0b"},"description":"El cine documental tambi\u00e9n tiene su propio festival: el IDFA. Le invito a descubrir este acontecimiento \u00fanico en este art\u00edculo.","breadcrumb":{"@id":"https:\/\/bonjouramsterdam.fr\/idfa\/#breadcrumb"},"inLanguage":"es","potentialAction":[{"@type":"ReadAction","target":["https:\/\/bonjouramsterdam.fr\/idfa\/"]}]},{"@type":"ImageObject","inLanguage":"es","@id":"https:\/\/bonjouramsterdam.fr\/idfa\/#primaryimage","url":"https:\/\/bonjouramsterdam.fr\/wp-content\/uploads\/2023\/10\/IDFA.png","contentUrl":"https:\/\/bonjouramsterdam.fr\/wp-content\/uploads\/2023\/10\/IDFA.png","width":1754,"height":875,"caption":"IDFA"},{"@type":"BreadcrumbList","@id":"https:\/\/bonjouramsterdam.fr\/idfa\/#breadcrumb","itemListElement":[{"@type":"ListItem","position":1,"name":"Accueil","item":"https:\/\/bonjouramsterdam.fr\/"},{"@type":"ListItem","position":2,"name":"IDFA : le festival du film documentaire \u00e0 Amsterdam"}]},{"@type":"WebSite","@id":"https:\/\/bonjouramsterdam.fr\/#website","url":"https:\/\/bonjouramsterdam.fr\/","name":"Hola Amsterdam","description":"\u00a1Todo lo necesario para pasar unas vacaciones inolvidables en 2026!","potentialAction":[{"@type":"SearchAction","target":{"@type":"EntryPoint","urlTemplate":"https:\/\/bonjouramsterdam.fr\/?s={search_term_string}"},"query-input":{"@type":"PropertyValueSpecification","valueRequired":true,"valueName":"search_term_string"}}],"inLanguage":"es"},{"@type":"Person","@id":"https:\/\/bonjouramsterdam.fr\/#\/schema\/person\/e1c4c6712107fb12fd993a4d5ec39a0b","name":"Thibaut","image":{"@type":"ImageObject","inLanguage":"es","@id":"https:\/\/bonjouramsterdam.fr\/#\/schema\/person\/image\/","url":"https:\/\/secure.gravatar.com\/avatar\/436636a11d7c80b948817b5a66d82f9305017ea4c84ab9a676db1d62ccc2c25d?s=96&d=mm&r=g","contentUrl":"https:\/\/secure.gravatar.com\/avatar\/436636a11d7c80b948817b5a66d82f9305017ea4c84ab9a676db1d62ccc2c25d?s=96&d=mm&r=g","caption":"Thibaut"},"description":"Ayudo a los viajeros a sacar el m\u00e1ximo partido de \u00c1msterdam con contenidos escritos y actualizados por expertos locales para que disfruten de la mejor experiencia posible. Nuestra agencia de viajes tambi\u00e9n ofrece visitas guiadas en franc\u00e9s.","sameAs":["https:\/\/bonjouramsterdam.fr"]}]}},"featured_image_src":"https:\/\/bonjouramsterdam.fr\/wp-content\/uploads\/2023\/10\/IDFA-600x400.png","featured_image_src_square":"https:\/\/bonjouramsterdam.fr\/wp-content\/uploads\/2023\/10\/IDFA-600x600.png","author_info":{"display_name":"Thibaut","author_link":"https:\/\/bonjouramsterdam.fr\/es\/author\/bonjouramsterd\/"},"_links":{"self":[{"href":"https:\/\/bonjouramsterdam.fr\/es\/wp-json\/wp\/v2\/posts\/1129","targetHints":{"allow":["GET"]}}],"collection":[{"href":"https:\/\/bonjouramsterdam.fr\/es\/wp-json\/wp\/v2\/posts"}],"about":[{"href":"https:\/\/bonjouramsterdam.fr\/es\/wp-json\/wp\/v2\/types\/post"}],"author":[{"embeddable":true,"href":"https:\/\/bonjouramsterdam.fr\/es\/wp-json\/wp\/v2\/users\/1"}],"replies":[{"embeddable":true,"href":"https:\/\/bonjouramsterdam.fr\/es\/wp-json\/wp\/v2\/comments?post=1129"}],"version-history":[{"count":0,"href":"https:\/\/bonjouramsterdam.fr\/es\/wp-json\/wp\/v2\/posts\/1129\/revisions"}],"wp:featuredmedia":[{"embeddable":true,"href":"https:\/\/bonjouramsterdam.fr\/es\/wp-json\/wp\/v2\/media\/1130"}],"wp:attachment":[{"href":"https:\/\/bonjouramsterdam.fr\/es\/wp-json\/wp\/v2\/media?parent=1129"}],"wp:term":[{"taxonomy":"category","embeddable":true,"href":"https:\/\/bonjouramsterdam.fr\/es\/wp-json\/wp\/v2\/categories?post=1129"},{"taxonomy":"post_tag","embeddable":true,"href":"https:\/\/bonjouramsterdam.fr\/es\/wp-json\/wp\/v2\/tags?post=1129"}],"curies":[{"name":"wp","href":"https:\/\/api.w.org\/{rel}","templated":true}]}}